{"id":611,"date":"2024-04-20T08:52:51","date_gmt":"2024-04-20T06:52:51","guid":{"rendered":"https:\/\/comprasguitarramusicaymas.cloud\/?p=611"},"modified":"2024-07-18T19:32:18","modified_gmt":"2024-07-18T17:32:18","slug":"soluciones","status":"publish","type":"post","link":"https:\/\/comprasguitarramusicaymas.cloud\/index.php\/2024\/04\/20\/soluciones\/","title":{"rendered":"Soluciones de dudas imprevistamente irremediables C\u00f3mo how to arreglarlo y\/\u00f3 solucionarlo,"},"content":{"rendered":"\n<p><em><strong>Soluciones <\/strong><\/em>de <em><strong>dudas <\/strong>imprevistamente <\/em>irremediables <em><strong>C\u00f3mo how to arreglarlo <\/strong><\/em>y\/\u00f3 <em><strong>solucionarlo<\/strong><\/em>, y hacerlo <em><strong>bueno <\/strong><\/em>para la <em><strong>memoria <\/strong><\/em>el usarlo ,((;y\/\u00f3 cda vez que lo usemos;)).<\/p>\n\n\n\n<p><mark style=\"background-color:rgba(0, 0, 0, 0)\" class=\"has-inline-color has-primary-color\"><em><strong>C\u00f3mo how to <\/strong><\/em>poder lograr <em><strong>arreglar <\/strong><\/em>y\/\u00f3 <em><strong>remendar calcetines <\/strong><\/em>y <em><strong>haci\u00e9ndolos medio-tobi-calcetines <\/strong><\/em>y como how to <em><strong>hacerlos <\/strong><\/em>y\/\u00f3 <em><strong>dejarlos <\/strong><\/em>hechos <em><strong>buenos <\/strong><\/em>para la <em><strong>memoria<\/strong><\/em><\/mark><\/p>\n\n\n\n<p><em><strong>C\u00f3mo how to <\/strong><\/em>remendar <em><strong>calcetines<\/strong><\/em>,<\/p>\n\n\n\n<p><mark style=\"background-color:rgba(0, 0, 0, 0)\" class=\"has-inline-color has-orange-color\"><em><strong>C\u00f3mo how to <\/strong><\/em>hacer medio tobi calcetines y dejarlos <em><strong>buenos <\/strong><\/em>para la <em><strong>memoria<\/strong><\/em>:<\/mark><\/p>\n\n\n<div class=\"wp-block-image\">\n<figure class=\"aligncenter size-large is-resized\"><img alt=\"\" loading=\"lazy\" decoding=\"async\" width=\"768\" height=\"1024\" src=\"https:\/\/comprasguitarramusicaymas.cloud\/wp-content\/uploads\/2024\/04\/como-how-to-arreglar-ylo-remiendar-calcetines-haciendolos-medio-tobicalcetines-BUENOS-PALA-MEMORIA-768x1024.jpg\" alt=\"\" class=\"wp-image-737\" style=\"width:252px;height:auto\" srcset=\"https:\/\/comprasguitarramusicaymas.cloud\/wp-content\/uploads\/2024\/04\/como-how-to-arreglar-ylo-remiendar-calcetines-haciendolos-medio-tobicalcetines-BUENOS-PALA-MEMORIA-768x1024.jpg 768w, https:\/\/comprasguitarramusicaymas.cloud\/wp-content\/uploads\/2024\/04\/como-how-to-arreglar-ylo-remiendar-calcetines-haciendolos-medio-tobicalcetines-BUENOS-PALA-MEMORIA-225x300.jpg 225w, https:\/\/comprasguitarramusicaymas.cloud\/wp-content\/uploads\/2024\/04\/como-how-to-arreglar-ylo-remiendar-calcetines-haciendolos-medio-tobicalcetines-BUENOS-PALA-MEMORIA-1152x1536.jpg 1152w, https:\/\/comprasguitarramusicaymas.cloud\/wp-content\/uploads\/2024\/04\/como-how-to-arreglar-ylo-remiendar-calcetines-haciendolos-medio-tobicalcetines-BUENOS-PALA-MEMORIA-1536x2048.jpg 1536w, https:\/\/comprasguitarramusicaymas.cloud\/wp-content\/uploads\/2024\/04\/como-how-to-arreglar-ylo-remiendar-calcetines-haciendolos-medio-tobicalcetines-BUENOS-PALA-MEMORIA-scaled.jpg 1920w\" sizes=\"auto, (max-width: 768px) 100vw, 768px\" \/><figcaption class=\"wp-element-caption\">C\u00f3mo how to arreglar y\/\u00f3 remendar calcetines haci\u00e9ndolos medio-tobi-calcetines BUENOS PARA LA MEMORIA<\/figcaption><\/figure><\/div>\n\n\n<p><mark style=\"background-color:rgba(0, 0, 0, 0);color:#1bb804\" class=\"has-inline-color\"><em><strong>F\u00e1cil <\/strong><\/em>y <em><strong>r\u00e1pido <\/strong><\/em>pero finamente dedicado:<\/mark><\/p>\n\n\n\n<p><em><strong>Haci\u00e9ndoles un nudo<\/strong><\/em> algo <em><strong>fino <\/strong><\/em>en la punta del <em><strong>calcet\u00edn<\/strong><\/em>, haciendo el nudo y recorriendolo finamente; <em><strong>iniciando <\/strong><\/em>poquito 1\/4 \u00f3 3\/8 y\/\u00f3 casi desde <em><strong>enmedio <\/strong><\/em>del calcet\u00edn para no dejarlo tan grande el nudo;<\/p>\n\n\n\n<p>\u00a1<em><strong>FACIL<\/strong><\/em>; <em><strong>R\u00c1PIDO <\/strong><\/em>Y SUAVE!<\/p>\n\n\n\n<p>Y el nudito fino:<\/p>\n\n\n\n<p><em><strong>Estar\u00e1 <\/strong><\/em>ah\u00ed en nuestra <em><strong>mente <\/strong><\/em>,((;ayud\u00e1ndonos a <em><strong>recordarlo<\/strong><\/em>;)), que est\u00e1 <em><strong>acomodado <\/strong><\/em>entre nuestro dedo gordo y el dedito segundo de nuestro(s) pi\u00e9(s) \u00f3 dedito nombrado: dedito: <strong style=\"font-style: italic;\">Digitus secundus pedis<\/strong>.<\/p>\n\n\n\n<p><mark style=\"background-color:rgba(0, 0, 0, 0);color:#750e9a\" class=\"has-inline-color\"><em><strong>Aunque <\/strong><\/em>lo <em><strong>olvidemos <\/strong><\/em>ya no lo <em><strong>recordemos<\/strong><\/em> pero ahi estar\u00e1 cada que lo veamos ,((;y no lo ovidemos;)), y nos pongamos el calcet\u00edn,<\/mark><\/p>\n\n\n\n<p><\/p>\n\n\n\n<p><mark style=\"background-color:rgba(0, 0, 0, 0)\" class=\"has-inline-color has-orange-color\"><em><strong>C\u00f3mo how <\/strong><\/em>to arreglar <em><strong>sillas ejecutivas <em><strong>reclinables<\/strong><\/em><\/strong><\/em> <em><strong>con rueditas<\/strong><\/em> y <em><strong>subibaja con palanca <\/strong><\/em>para darle diferentes alturas;<\/mark><\/p>\n\n\n\n<p><em><strong>PROBLEMA: <\/strong><\/em>Si de repente <em><strong>no se reclina completamente su silla ejecutiva reclinable<\/strong><\/em> con rueditas y altura; ((como que se atora y no se va para atr\u00e1s al recostarse reclinarse completamente ni la mitad del reclinaje comun y actual; en su silla ejecutiva con <em><strong>palanca para nivelar la altura, <\/strong><\/em>con <em><strong>Perilla para velocidad y\/\u00f3 fluidez del reclinaje: <\/strong><\/em>y todo:<\/p>\n\n\n\n<figure class=\"wp-block-image size-full is-resized\"><img alt=\"\" loading=\"lazy\" decoding=\"async\" width=\"298\" height=\"479\" src=\"https:\/\/comprasguitarramusicaymas.cloud\/wp-content\/uploads\/2024\/05\/Sill-ejec-nue-Fo-tra-2-Es-N-Tw.png\" alt=\"\" class=\"wp-image-620\" style=\"width:129px;height:auto\" srcset=\"https:\/\/comprasguitarramusicaymas.cloud\/wp-content\/uploads\/2024\/05\/Sill-ejec-nue-Fo-tra-2-Es-N-Tw.png 298w, https:\/\/comprasguitarramusicaymas.cloud\/wp-content\/uploads\/2024\/05\/Sill-ejec-nue-Fo-tra-2-Es-N-Tw-187x300.png 187w\" sizes=\"auto, (max-width: 298px) 100vw, 298px\" \/><\/figure>\n\n\n\n<p><em><strong>SOLUCION:<\/strong><\/em> revisar bien por abajo de la silla ((maquinaria; perilla; bisagra resorte y luego sentarse y <em><strong>usar la palanca <\/strong><\/em>para nivelar la altura ((<strong>introduciendola como llave a un orificio<\/strong>\/<em><strong> cerrojo<\/strong><\/em>))<em> <\/em>para subibajar la altura de su <em><strong>silla ejecutiva reclinable con rueditas <\/strong><\/em>y luego revisar bien otra vez por debajo su silla ejecutiva reclinable ((maquinaria; perilla; bisagra resorte;)) y:<\/p>\n\n\n\n<p><em><strong>CONTINUACION DE LA SOLUCION:<\/strong><\/em> <strong><em>Tie<\/em><\/strong>ne la palanca niveladora de la altura <em><strong>Introducida <\/strong><\/em>en su <em><strong>cerrojo<\/strong><\/em>\/ <em><strong>ofiricio <\/strong><\/em>de su <em><strong>silla ejecutiva reclinable con rueditas <\/strong><\/em>y\/\u00f3 <em><strong>se auto-introdujo por vibraci\u00f3n <\/strong><\/em>de <em><strong>particulas <\/strong><\/em>y\/\u00f3 <em><strong>molecular <\/strong><\/em>la palanca niveladora de la altura en su <em><strong>cerrojo<\/strong><\/em>\/ <em><strong>orificio<\/strong><\/em>.<\/p>\n\n\n\n<figure class=\"wp-block-image size-full is-resized\"><img alt=\"\" loading=\"lazy\" decoding=\"async\" width=\"509\" height=\"506\" src=\"https:\/\/comprasguitarramusicaymas.cloud\/wp-content\/uploads\/2024\/05\/Sill-eje-rec-mo-cont-81-fo-tra.png\" alt=\"\" class=\"wp-image-621\" style=\"width:126px;height:auto\" srcset=\"https:\/\/comprasguitarramusicaymas.cloud\/wp-content\/uploads\/2024\/05\/Sill-eje-rec-mo-cont-81-fo-tra.png 509w, https:\/\/comprasguitarramusicaymas.cloud\/wp-content\/uploads\/2024\/05\/Sill-eje-rec-mo-cont-81-fo-tra-300x298.png 300w, https:\/\/comprasguitarramusicaymas.cloud\/wp-content\/uploads\/2024\/05\/Sill-eje-rec-mo-cont-81-fo-tra-150x150.png 150w\" sizes=\"auto, (max-width: 509px) 100vw, 509px\" \/><\/figure>\n\n\n\n<figure class=\"wp-block-image size-full is-resized\"><img alt=\"\" loading=\"lazy\" decoding=\"async\" width=\"449\" height=\"556\" src=\"https:\/\/comprasguitarramusicaymas.cloud\/wp-content\/uploads\/2024\/05\/Sill-eje-rec-mo-cont-42-fo-tra.png\" alt=\"\" class=\"wp-image-622\" style=\"width:120px;height:auto\" srcset=\"https:\/\/comprasguitarramusicaymas.cloud\/wp-content\/uploads\/2024\/05\/Sill-eje-rec-mo-cont-42-fo-tra.png 449w, https:\/\/comprasguitarramusicaymas.cloud\/wp-content\/uploads\/2024\/05\/Sill-eje-rec-mo-cont-42-fo-tra-242x300.png 242w\" sizes=\"auto, (max-width: 449px) 100vw, 449px\" \/><\/figure>\n\n\n\n<p>Y entonces esta de aseguro la palanca introducida como llave en el <em><strong>seguro<\/strong><\/em>&#8211;<em><strong>orificio <\/strong><\/em>porque funcoina integralmente para dar la altura a nivel a la maqinaria que conforta y sostiene el asiento ejecutivo y se tiene que sacar y\/\u00f3 extraer del <em><strong>cerrojo<\/strong><\/em> porque es y\/\u00f3 funciona integral y al estar introducida la palanca impide el funcionar completa la bisagra placa resorte que da el reclinaje porque esta introducida en la funci\u00f3n del reclinaje y solo se debr introducir para nivelar la altura y se debe de extraer despu\u00e9s para que deje funcionar al reclinaje mismo integralmente.<\/p>\n\n\n\n<figure class=\"wp-block-image size-full is-resized\"><img alt=\"\" loading=\"lazy\" decoding=\"async\" width=\"486\" height=\"459\" src=\"https:\/\/comprasguitarramusicaymas.cloud\/wp-content\/uploads\/2024\/05\/Sill-eje-rec-mo-cont-13-fo-tra-1.png\" alt=\"\" class=\"wp-image-624\" style=\"width:127px;height:auto\" srcset=\"https:\/\/comprasguitarramusicaymas.cloud\/wp-content\/uploads\/2024\/05\/Sill-eje-rec-mo-cont-13-fo-tra-1.png 486w, https:\/\/comprasguitarramusicaymas.cloud\/wp-content\/uploads\/2024\/05\/Sill-eje-rec-mo-cont-13-fo-tra-1-300x283.png 300w\" sizes=\"auto, (max-width: 486px) 100vw, 486px\" \/><\/figure>\n\n\n\n<p>Ya que esta integrada y\/\u00f3 funciona integralmente la palanca con la <em><strong>bisagra resorte placa <\/strong><\/em>para que deje pasar y no se atore la misma <em><strong>placa bisagra resorte <\/strong><\/em>al darle los <em><strong>reclinajes suaves <\/strong><\/em>y\/\u00f3 <em><strong>lentos <\/strong><\/em>con su <em><strong>confortable silla ejecutiva reclinable<\/strong><\/em>. <em><strong>Eso es lo que impide y no deja reclinarse <\/strong><\/em>su <em><strong>silla ejecutiva<\/strong><\/em> y descansar mesi\u00e9ndose y\/\u00f3 jugeteando al <em><strong>subibaja <\/strong><\/em>mesi\u00e9ndose con el <em><strong>reclinaje <\/strong><\/em>de la <em><strong>silla ejecutiva<\/strong><\/em>.<\/p>\n\n\n\n<figure class=\"wp-block-image size-full is-resized\"><img alt=\"\" loading=\"lazy\" decoding=\"async\" width=\"575\" height=\"585\" src=\"https:\/\/comprasguitarramusicaymas.cloud\/wp-content\/uploads\/2024\/05\/Sill-eje-rec-mo-cont-104-fo-tra.png\" alt=\"\" class=\"wp-image-625\" style=\"width:131px;height:auto\" srcset=\"https:\/\/comprasguitarramusicaymas.cloud\/wp-content\/uploads\/2024\/05\/Sill-eje-rec-mo-cont-104-fo-tra.png 575w, https:\/\/comprasguitarramusicaymas.cloud\/wp-content\/uploads\/2024\/05\/Sill-eje-rec-mo-cont-104-fo-tra-295x300.png 295w\" sizes=\"auto, (max-width: 575px) 100vw, 575px\" \/><\/figure>\n\n\n\n<figure class=\"wp-block-image size-large is-resized\"><img alt=\"\" loading=\"lazy\" decoding=\"async\" width=\"1024\" height=\"381\" src=\"https:\/\/comprasguitarramusicaymas.cloud\/wp-content\/uploads\/2024\/05\/Sill-eje-rec-mo-3-controles-4-fo-tra-1024x381.png\" alt=\"\" class=\"wp-image-626\" style=\"width:455px;height:auto\" srcset=\"https:\/\/comprasguitarramusicaymas.cloud\/wp-content\/uploads\/2024\/05\/Sill-eje-rec-mo-3-controles-4-fo-tra-1024x381.png 1024w, https:\/\/comprasguitarramusicaymas.cloud\/wp-content\/uploads\/2024\/05\/Sill-eje-rec-mo-3-controles-4-fo-tra-300x112.png 300w, https:\/\/comprasguitarramusicaymas.cloud\/wp-content\/uploads\/2024\/05\/Sill-eje-rec-mo-3-controles-4-fo-tra-768x286.png 768w, https:\/\/comprasguitarramusicaymas.cloud\/wp-content\/uploads\/2024\/05\/Sill-eje-rec-mo-3-controles-4-fo-tra.png 1084w\" sizes=\"auto, (max-width: 1024px) 100vw, 1024px\" \/><\/figure>\n\n\n\n<p><em><strong>SolsCyA<\/strong><\/em>; soluciones contables; estad\u00edsticas financieras y fiscales,<\/p>\n\n\n\n<p>Soluciones al dia; todos los dias<\/p>\n\n\n\n<p><\/p>\n\n\n\n<p><em><strong>Preguntennos sus dudas;<\/strong><\/em><\/p>\n\n\n\n<p>Nosotros <em><strong>les daremos su soluci\u00f3n;<\/strong><\/em><\/p>\n\n\n\n<p><em><strong>\u00a1Solo preg\u00fantennos!<\/strong><\/em><\/p>\n","protected":false},"excerpt":{"rendered":"<p>Soluciones de dudas imprevistamente irremediables C\u00f3mo how to arreglarlo y\/\u00f3 solucionarlo, y hacerlo bueno para la memoria el usarlo ,((;y\/\u00f3 cda vez que lo usemos;)). C\u00f3mo how to poder lograr arreglar y\/\u00f3 remendar calcetines y haci\u00e9ndolos medio-tobi-calcetines y como how to hacerlos y\/\u00f3 dejarlos hechos buenos para la memoria C\u00f3mo how to remendar calcetines, C\u00f3mo [&hellip;]<\/p>\n","protected":false},"author":1,"featured_media":0,"comment_status":"open","ping_status":"open","sticky":false,"template":"","format":"standard","meta":{"_seopress_robots_primary_cat":"","_seopress_titles_title":"","_seopress_titles_desc":"","_seopress_robots_index":"","_eb_attr":"","footnotes":""},"categories":[1],"tags":[],"class_list":["post-611","post","type-post","status-publish","format-standard","hentry","category-blog"],"_links":{"self":[{"href":"https:\/\/comprasguitarramusicaymas.cloud\/index.php\/wp-json\/wp\/v2\/posts\/611","targetHints":{"allow":["GET"]}}],"collection":[{"href":"https:\/\/comprasguitarramusicaymas.cloud\/index.php\/wp-json\/wp\/v2\/posts"}],"about":[{"href":"https:\/\/comprasguitarramusicaymas.cloud\/index.php\/wp-json\/wp\/v2\/types\/post"}],"author":[{"embeddable":true,"href":"https:\/\/comprasguitarramusicaymas.cloud\/index.php\/wp-json\/wp\/v2\/users\/1"}],"replies":[{"embeddable":true,"href":"https:\/\/comprasguitarramusicaymas.cloud\/index.php\/wp-json\/wp\/v2\/comments?post=611"}],"version-history":[{"count":7,"href":"https:\/\/comprasguitarramusicaymas.cloud\/index.php\/wp-json\/wp\/v2\/posts\/611\/revisions"}],"predecessor-version":[{"id":740,"href":"https:\/\/comprasguitarramusicaymas.cloud\/index.php\/wp-json\/wp\/v2\/posts\/611\/revisions\/740"}],"wp:attachment":[{"href":"https:\/\/comprasguitarramusicaymas.cloud\/index.php\/wp-json\/wp\/v2\/media?parent=611"}],"wp:term":[{"taxonomy":"category","embeddable":true,"href":"https:\/\/comprasguitarramusicaymas.cloud\/index.php\/wp-json\/wp\/v2\/categories?post=611"},{"taxonomy":"post_tag","embeddable":true,"href":"https:\/\/comprasguitarramusicaymas.cloud\/index.php\/wp-json\/wp\/v2\/tags?post=611"}],"curies":[{"name":"wp","href":"https:\/\/api.w.org\/{rel}","templated":true}]}}